{"id":3330,"date":"2025-03-11T12:18:18","date_gmt":"2025-03-11T12:18:18","guid":{"rendered":"https:\/\/www.cosmodent.hu\/?p=3330"},"modified":"2025-03-11T12:18:18","modified_gmt":"2025-03-11T12:18:18","slug":"fogagybetegseg-okok-tunetek-es-hatekony-kezelesi-lehetosegek","status":"publish","type":"post","link":"https:\/\/www.cosmodent.hu\/en\/fogagybetegseg-okok-tunetek-es-hatekony-kezelesi-lehetosegek\/","title":{"rendered":"Fog\u00e1gybetegs\u00e9g: Okok, t\u00fcnetek \u00e9s hat\u00e9kony kezel\u00e9si lehet\u0151s\u00e9gek"},"content":{"rendered":"<p>A fog\u00e1gybetegs\u00e9g \u2013 amit sokan nem vesznek el\u00e9g komolyan \u2013 a feln\u0151ttkori fogveszt\u00e9s egyik vezet\u0151 oka. Kezdetben csak enyhe \u00ednygyullad\u00e1sk\u00e9nt jelentkezik, de id\u0151vel \u00e1talakulhat fog\u00e1gybetegs\u00e9gg\u00e9 \u00e9s\u00a0 \u00ednysorvad\u00e1st, l\u00f6ty\u00f6g\u0151 fogakat, de ak\u00e1r fogveszt\u00e9st is okozhat.<\/p>\n<p>Ebben a cikkben bemutatjuk, hogyan alakul ki a fog\u00e1gybetegs\u00e9g, mik a legfontosabb figyelmeztet\u0151 jelei, \u00e9s milyen kezel\u00e9si lehet\u0151s\u00e9gek seg\u00edthetnek meg\u0151rizni fogaink eg\u00e9szs\u00e9g\u00e9t.<\/p>\n<h2><b>Mi a fog\u00e1gybetegs\u00e9g?<\/b><\/h2>\n<p>A fog\u00e1gybetegs\u00e9g (m\u00e1s n\u00e9ven: parodontitis) a fogak tart\u00f3szerkezet\u00e9t (fog\u00edny, alveol\u00e1ris csont, &#8220;r\u00f6gz\u00edt\u0151 szalagok&#8221;) \u00e9rint\u0151 gyullad\u00e1s, amelynek k\u00f6vetkezt\u00e9ben csontpusztul\u00e1s, \u00ednysorvad\u00e1s alakul ki a fogak k\u00f6r\u00fcl, \u00e9s a fogak mozgathat\u00f3 v\u00e1lnak. A fog\u00e1gy betegs\u00e9ge a feln\u0151ttkori fogelveszt\u00e9s leggyakoribb oka.<\/p>\n<p>A fog\u00e1gybetegs\u00e9g leggyakoribb el\u0151jele a fog\u00ednygyullad\u00e1s, amely sor\u00e1n \u00ednyv\u00e9rz\u00e9s, \u00ednyduzzanat vagy az \u00edny \u00e9rz\u00e9kenys\u00e9ge l\u00e9phet fel. A t\u00fcnetek korai felismer\u00e9se \u00e9s kezel\u00e9se \u00f3ri\u00e1si szerepet j\u00e1tszik a fog\u00e1gybetegs\u00e9g kialakul\u00e1s\u00e1nak megel\u0151z\u00e9s\u00e9ben!<\/p>\n<h2><b>A fog\u00e1gybetegs\u00e9g \u00e9s fog\u00ednygyullad\u00e1s kialakul\u00e1s\u00e1nak okai<\/b><\/h2>\n<p>Az els\u0151 sz\u00e1m\u00fa ok, ami\u00e9rt fel\u00fctheti a fej\u00e9t a fog\u00ednygyullad\u00e1s, majd k\u00e9s\u0151bbiekben a fog\u00e1gybetegs\u00e9g az nem m\u00e1s, mint a rossz sz\u00e1jhigi\u00e9nia. Ha az \u00edny ment\u00e9n lerak\u00f3dott leped\u00e9k nincsen megfelel\u0151en elt\u00e1vol\u00edtva, r\u00f6vid id\u0151 alatt fogk\u0151v\u00e9 fog alakulni, amit\u0151l a p\u00e1ciens m\u00e1r otthoni sz\u00e1jhigi\u00e9n\u00e9s eszk\u00f6z\u00f6kkel nem tud megszabadulni. Ilyenkor sz\u00fcks\u00e9ges bejelentkezni a dent\u00e1lhigi\u00e9nikusunkhoz egy professzion\u00e1lis fogtiszt\u00edt\u00e1sra.<\/p>\n<p>Ha nem ker\u00fcl sor a professzion\u00e1lis fogk\u0151-elt\u00e1vol\u00edt\u00e1sra \u00e9s hagyjuk, hogy a leped\u00e9k \u00e9s fogk\u0151 miatt kialakuljon a gyullad\u00e1s, akkor megtett\u00fck az els\u0151 l\u00e9p\u00e9st a fog\u00e1gybetegs\u00e9g fel\u00e9. Ez nem m\u00e1s mint a fog\u00ednygyullad\u00e1s, vagy m\u00e1s n\u00e9ven gingivitis. Az \u00ednygyullad\u00e1s els\u0151 jele a fogmos\u00e1skori \u00ednyv\u00e9rz\u00e9s.<\/p>\n<p>Ha a fog\u00ednygyullad\u00e1st is kezeletlen\u00fcl hagyjuk \u00e9s engedj\u00fck, hogy a gyullad\u00e1s \u00e1tterjedjen a m\u00e9lyebb sz\u00f6vetekre is, akkor \u00e9rkez\u00fcnk meg a fog\u00e1gybetegs\u00e9g st\u00e1dium\u00e1ba.<\/p>\n<p>Milyen m\u00e1s oka lehet a fog\u00ednygyullad\u00e1snak?<\/p>\n<ul>\n<li aria-level=\"1\">Doh\u00e1nyz\u00e1s<\/li>\n<li aria-level=\"1\">Cukorbetegs\u00e9g<\/li>\n<li aria-level=\"1\">Hormon\u00e1lis v\u00e1ltoz\u00e1sok, p\u00e9ld\u00e1ul terhess\u00e9g alatt \u00e9rz\u00e9kenyebb lehet az \u00edny<\/li>\n<li aria-level=\"1\">Genetikai hajlam &#8211; ha a csal\u00e1dban el\u0151fordult fog\u00e1gybetegs\u00e9g, \u00e9rdemes fokozottan figyelni a megel\u0151z\u00e9sre.<\/li>\n<\/ul>\n<h2><b>A fog\u00ednygyullad\u00e1s t\u00fcnetei \u00e9s figyelmeztet\u0151 jelek<\/b><\/h2>\n<p>A fent eml\u00edtett fogmos\u00e1s k\u00f6zbeni \u00ednyv\u00e9rz\u00e9sen k\u00edv\u00fcl a fog\u00ednygyullad\u00e1s t\u00fcnetei k\u00f6z\u00e9 tartozik a:<\/p>\n<ul>\n<li aria-level=\"1\">Piros, duzzadt \u00e9s \u00e9rz\u00e9keny fog\u00edny.<\/li>\n<li aria-level=\"1\">Kellemetlen sz\u00e1jszag, amely nem m\u00falik el fogmos\u00e1s ut\u00e1n sem.<\/li>\n<li aria-level=\"1\">\u00cdnyvisszah\u00faz\u00f3d\u00e1s, ami miatt a fogak hosszabbnak, nagyobbnak t\u0171nhetnek.<\/li>\n<li aria-level=\"1\">Mozg\u00f3, l\u00f6ty\u00f6g\u0151 vagy m\u00e1r elmozdult fogak.<\/li>\n<li aria-level=\"1\">\u00cdnyen kialakul\u00f3 dudorok vagy gennyes t\u00e1lyogok<\/li>\n<\/ul>\n<p>Mit\u0151l v\u00e9rzik a fog\u00edny? A gyulladt \u00edny v\u00e9rb\u0151 \u00e9s s\u00e9r\u00fcl\u00e9keny, ez\u00e9rt k\u00f6nnyen v\u00e9rezhet fogmos\u00e1s vagy r\u00e1g\u00e1s sor\u00e1n. Ez az els\u0151 jel, hogy ideje ell\u00e1togatni fogorvosunkhoz!<\/p>\n<h2><b>Fog\u00ednygyullad\u00e1s kezel\u00e9se: mit tehet\u00fcnk otthon?<\/b><\/h2>\n<p>A fog\u00ednygyullad\u00e1s otthoni kezel\u00e9se kulcsfontoss\u00e1g\u00fa, hogy ne alakuljon ki fog\u00e1gybetegs\u00e9g. \u00cdme n\u00e9h\u00e1ny bev\u00e1lt m\u00f3dszer:<\/p>\n<ul>\n<li aria-level=\"1\">Napi k\u00e9tszeri, alapos fogmos\u00e1s \u2013 Mindegy milyen fogkr\u00e9mmel.<\/li>\n<li aria-level=\"1\">Fogselyem \u00e9s fogk\u00f6ztiszt\u00edt\u00f3 kef\u00e9k rendszeres haszn\u00e1lata \u2013 ezek a kis eszk\u00f6z\u00f6k nagyon hasznosak \u00e9s seg\u00edtenek elt\u00e1vol\u00edtani a fogak k\u00f6z\u00f6tt megb\u00faj\u00f3 leped\u00e9ket.<\/li>\n<li aria-level=\"1\">Eg\u00e9szs\u00e9ges \u00e9trend k\u00f6vet\u00e9se \u2013 V\u00e1ltozatos, vitaminban gazdag t\u00e1pl\u00e1l\u00e9k fogyaszt\u00e1sa, amely hozz\u00e1j\u00e1rul az \u00e1ltal\u00e1nos immunit\u00e1s \u00e9s a sz\u00e1j\u00fcregi v\u00e9dekez\u0151k\u00e9pess\u00e9g fenntart\u00e1s\u00e1hoz.<\/li>\n<\/ul>\n<h2><b>Fog\u00e1gybetegs\u00e9g kezel\u00e9se: mit tehet a fogorvos?<\/b><\/h2>\n<p>Ha a fog\u00ednygyullad\u00e1s \u00e1tl\u00e9p egy bizonyos szintet, ott bizony m\u00e1r szakorvosi seg\u00edts\u00e9gre van sz\u00fcks\u00e9g. A fog\u00ednysorvad\u00e1s kezel\u00e9s\u00e9re specializ\u00e1l\u00f3dott fogorvos a parodontol\u00f3gus, maga a szakir\u00e1ny pedig a parodontol\u00f3gia.<\/p>\n<p>A fog\u00e1gybetegs\u00e9g kezel\u00e9se \u2013 a betegs\u00e9g el\u0151rehaladotts\u00e1g\u00e1t\u00f3l f\u00fcgg\u0151en &#8211; t\u00f6bb l\u00e9p\u00e9sb\u0151l \u00e1ll:<\/p>\n<ol>\n<li aria-level=\"1\">Professzion\u00e1lis fogtiszt\u00edt\u00e1s \u2013 a dent\u00e1lhigi\u00e9nikus szakszer\u0171en t\u00e1vol\u00edtja el a felhalmoz\u00f3dott fogk\u00f6vet \u00e9s leped\u00e9ket a fogak felsz\u00edn\u00e9r\u0151l, illetve a fogk\u00f6z\u00f6kb\u0151l.<\/li>\n<li aria-level=\"1\">Z\u00e1rt k\u00fcrett\u00e1l\u00e1s (m\u00e9lytiszt\u00edt\u00e1s) \u2013 a k\u00fcrett\u00e1l\u00e1st m\u00e1r parodontol\u00f3gus v\u00e9gzi. \u0150 speci\u00e1lis k\u00e9zim\u0171szerek seg\u00edts\u00e9g\u00e9vel tiszt\u00edtja le a fog \u00edny alatti r\u00e9szein megb\u00faj\u00f3 lerak\u00f3d\u00e1sokat, term\u00e9szetesen \u00e9rz\u00e9stelen\u00edt\u00e9sben.<\/li>\n<li aria-level=\"1\">Nyitott k\u00fcrett \u2013 Azoknak a fogaknak a tov\u00e1bbi m\u0171t\u00e9ti tiszt\u00edt\u00e1sa, ahol nem sz\u0171nt meg a gyullad\u00e1s a z\u00e1rt tiszt\u00edt\u00e1sra.<\/li>\n<\/ol>\n<p>A \u201e<a href=\"https:\/\/www.cosmodent.hu\/mi-az-a-parodontologia\/\">Mi is az a parodontol\u00f3gia?<\/a>\u201d cikk\u00fcnk r\u00e9szletesen le\u00edrja, hogy milyen kezel\u00e9sek seg\u00edthetnek a fog\u00e1gybetegs\u00e9gben szenved\u0151 p\u00e1cienseknek.<\/p>\n<h2><b>\u00cdnysorvad\u00e1s meg\u00e1ll\u00edt\u00e1sa \u00e9s gy\u00f3gy\u00edt\u00e1sa<\/b><\/h2>\n<p>El\u0151rehaladott fog\u00e1gybetegs\u00e9gn\u00e9l fell\u00e9phet \u00ednysorvad\u00e1s is. Az \u00ednysorvad\u00e1st visszaford\u00edtani m\u00e1r nem lehet, de ha id\u0151ben \u00e9szlelj\u00fck \u00e9s kezelj\u00fck, akkor meg lehet \u00e1ll\u00edtani! A kezel\u00e9s \u00e1llhat t\u00f6bbsz\u00f6ri k\u00fcrett\u00e1l\u00e1sb\u00f3l (z\u00e1rt, nyitott), l\u00e9zeres tasakkezel\u00e9sb\u0151l, de ak\u00e1r olyan regener\u00e1l\u00f3 beavatkoz\u00e1sokb\u00f3l, mint a csontp\u00f3tl\u00e1s.<\/p>\n<p>Ahhoz, hogy az el\u00e9rt gyullad\u00e1smentes \u00e1llapotot fenntarthat\u00f3 legyen, elengedhetetlen, hogy a p\u00e1ciens rendszeresen j\u00e1rjon kontrollokra \u00e9s sz\u00fcks\u00e9g eset\u00e9n ism\u00e9tl\u0151 kezel\u00e9sekre. A kontrollok \u00e9s a hozz\u00e1juk tartoz\u00f3 professzion\u00e1lis fogtiszt\u00edt\u00e1sok eleinte 3-4 havonta, majd k\u00e9s\u0151bbiekben f\u00e9l\u00e9vente kell megt\u00f6rt\u00e9njenek.<\/p>\n<p>Ez ugyan odafigyel\u00e9st, elsz\u00e1nts\u00e1got \u00e9s tov\u00e1bbi kiad\u00e1st k\u00f6vetel, viszont cser\u00e9be a legt\u00f6bb p\u00e1ciens \u00edgy meg tudja tartani \u00e9s \u00e9lete v\u00e9g\u00e9ig haszn\u00e1lni tudja saj\u00e1t fogait!<\/p>\n<p><b>\u00d6sszegz\u00e9s<\/b><\/p>\n<p>A fog\u00e1gybetegs\u00e9g \u00e9s a fog\u00ednygyullad\u00e1s nemcsak eszt\u00e9tikai probl\u00e9m\u00e1t jelent, hanem komoly eg\u00e9szs\u00e9g\u00fcgyi kock\u00e1zatokat is hordoz mag\u00e1val. Megel\u0151z\u00e9ssel \u00e9s id\u0151ben megkezdett kezel\u00e9ssel azonban a fogak \u00e9s az \u00edny eg\u00e9szs\u00e9ge hossz\u00fa t\u00e1von meg\u0151rizhet\u0151!<\/p>\n<p>Ha az al\u00e1bbi t\u00fcneteket tapasztalja, mihamarabb forduljon fogorvoshoz:<br \/>\n&#8211; Tart\u00f3s fog\u00ednygyullad\u00e1s vagy v\u00e9rz\u0151 fog\u00edny<br \/>\n&#8211; Fog\u00edny visszah\u00faz\u00f3d\u00e1sa, eszt\u00e9tikailag \u201ehosszabb\u201d fogak<br \/>\n&#8211; Fogak mozgathat\u00f3s\u00e1ga<br \/>\n&#8211; Fogmos\u00e1ssal meg nem sz\u0171n\u0151 kellemetlen lehelet.<\/p>\n<p>Ne v\u00e1rja meg, hogy elharap\u00f3zzon a probl\u00e9ma! Egy r\u00f6vid \u00e9s egyszer\u0171 fog\u00e1szati ellen\u0151rz\u00e9ssel rengeteget tehet fogai eg\u00e9szs\u00e9g\u00e9\u00e9rt. Jelentkezzen be m\u00e9g ma a 06 1 200 1378-as telefonsz\u00e1mon vagy a <a href=\"https:\/\/www.cosmodent.hu\/kapcsolat\/?idopont?idopont\">kapcsolatfelv\u00e9teli \u0171rlap kit\u00f6lt\u00e9s\u00e9vel<\/a>!<\/p>\n","protected":false},"excerpt":{"rendered":"A fog\u00e1gybetegs\u00e9g \u2013 amit sokan nem vesznek el\u00e9g komolyan \u2013 a feln\u0151ttkori fogveszt\u00e9s egyik vezet\u0151 oka. Kezdetben csak enyhe \u00ednygyullad\u00e1sk\u00e9nt jelentkezik, de id\u0151vel \u00e1talakulhat fog\u00e1gybetegs\u00e9gg\u00e9 \u00e9s\u00a0 \u00ednysorvad\u00e1st, l\u00f6ty\u00f6g\u0151 fogakat, de ak\u00e1r fogveszt\u00e9st is okozhat....","protected":false},"author":6,"featured_media":3333,"comment_status":"closed","ping_status":"closed","sticky":false,"template":"","format":"standard","meta":{"inline_featured_image":false,"footnotes":""},"categories":[1],"tags":[],"class_list":{"0":"post-3330","1":"post","2":"type-post","3":"status-publish","4":"format-standard","5":"has-post-thumbnail","7":"category-egyeb"},"_links":{"self":[{"href":"https:\/\/www.cosmodent.hu\/en\/wp-json\/wp\/v2\/posts\/3330","targetHints":{"allow":["GET"]}}],"collection":[{"href":"https:\/\/www.cosmodent.hu\/en\/wp-json\/wp\/v2\/posts"}],"about":[{"href":"https:\/\/www.cosmodent.hu\/en\/wp-json\/wp\/v2\/types\/post"}],"author":[{"embeddable":true,"href":"https:\/\/www.cosmodent.hu\/en\/wp-json\/wp\/v2\/users\/6"}],"replies":[{"embeddable":true,"href":"https:\/\/www.cosmodent.hu\/en\/wp-json\/wp\/v2\/comments?post=3330"}],"version-history":[{"count":2,"href":"https:\/\/www.cosmodent.hu\/en\/wp-json\/wp\/v2\/posts\/3330\/revisions"}],"predecessor-version":[{"id":3332,"href":"https:\/\/www.cosmodent.hu\/en\/wp-json\/wp\/v2\/posts\/3330\/revisions\/3332"}],"wp:featuredmedia":[{"embeddable":true,"href":"https:\/\/www.cosmodent.hu\/en\/wp-json\/wp\/v2\/media\/3333"}],"wp:attachment":[{"href":"https:\/\/www.cosmodent.hu\/en\/wp-json\/wp\/v2\/media?parent=3330"}],"wp:term":[{"taxonomy":"category","embeddable":true,"href":"https:\/\/www.cosmodent.hu\/en\/wp-json\/wp\/v2\/categories?post=3330"},{"taxonomy":"post_tag","embeddable":true,"href":"https:\/\/www.cosmodent.hu\/en\/wp-json\/wp\/v2\/tags?post=3330"}],"curies":[{"name":"wp","href":"https:\/\/api.w.org\/{rel}","templated":true}]}}