{"id":999,"date":"2023-01-20T14:44:07","date_gmt":"2023-01-20T14:44:07","guid":{"rendered":"https:\/\/www.cosmodent.hu\/?p=999"},"modified":"2024-06-11T10:24:50","modified_gmt":"2024-06-11T10:24:50","slug":"iranyitott-biofilm-terapia-ems-keszulekkel","status":"publish","type":"post","link":"https:\/\/www.cosmodent.hu\/de\/iranyitott-biofilm-terapia-ems-keszulekkel\/","title":{"rendered":"Ir\u00e1ny\u00edtott biofilm ter\u00e1pia EMS k\u00e9sz\u00fcl\u00e9kkel"},"content":{"rendered":"<p style=\"text-align: center;\">Rendel\u0151nkben a professzion\u00e1lis fogtiszt\u00edt\u00e1sokat dent\u00e1lhigi\u00e9nikus koll\u00e9gan\u0151ink a legmodernebb <strong>EMS AIRFLOW\u00ae<\/strong> k\u00e9sz\u00fcl\u00e9kek seg\u00edts\u00e9g\u00e9vel v\u00e9gzik.<br \/>\nEz a mai piacon el\u00e9rhet\u0151 legk\u00edm\u00e9letesebb eszk\u00f6ze a fogakon felhalmoz\u00f3d\u00f3 leped\u00e9k \u00e9s egy\u00e9b felrak\u00f3d\u00e1sok elt\u00e1vol\u00edt\u00e1s\u00e1nak.<\/p>\n<p style=\"text-align: center;\">Mi\u00e9rt van erre sz\u00fcks\u00e9g?<br \/>\nSz\u00e1nk tulajdonk\u00e9ppen egy nedves (ny\u00e1las) k\u00f6zeg, melyben a nem mozg\u00f3 k\u00e9pleteken \u2013 mint p\u00e9ld\u00e1ul a fogakon, fogszab\u00e1lyoz\u00f3 k\u00e9sz\u00fcl\u00e9k elemein, bizonyos fogp\u00f3tl\u00e1sokon, az implant\u00e1tumok egyes felsz\u00ednein \u2013 bakt\u00e9riumok tapadnak meg \u00e9s alkotnak az id\u0151 el\u0151rehaladt\u00e1val egyre \u00f6sszetettebb k\u00f6z\u00f6ss\u00e9geket.<br \/>\nEz egyr\u00e9szt \u00ednygyullad\u00e1shoz, fogszuvasod\u00e1shoz, fog\u00e1gybetegs\u00e9ghez, vagy ak\u00e1r implant\u00e1tum k\u00f6r\u00fcli gyullad\u00e1shoz is vezethet, illetve negat\u00edv hat\u00e1ssal lehet egyes \u00e1ltal\u00e1nos eg\u00e9szs\u00e9g\u00fcgyi \u00e1llapotokra, mint p\u00e9ld\u00e1ul a cukorbetegs\u00e9gre, sz\u00edv-\u00e9s \u00e9rrendszeri megbeteged\u00e9sekre, \u00edz\u00fcleti gyullad\u00e1sokra.<\/p>\n<p style=\"text-align: center;\">A fenti k\u00f3rk\u00e9pek megel\u0151z\u00e9se \u00e9rdek\u00e9ben \u00e9s dent\u00e1lhigi\u00e9nikus koll\u00e9gan\u0151ink szem\u00e9lyre szabott aj\u00e1nl\u00e1sai alapj\u00e1n javasoljuk a professzion\u00e1lis fogtiszt\u00edt\u00e1sok rendszeres elv\u00e9geztet\u00e9s\u00e9t.<\/p>\n<p style=\"text-align: center;\"><strong>Mi a menete egy ilyen kezel\u00e9snek?<\/strong><\/p>\n<p style=\"text-align: center;\"><img decoding=\"async\" class=\"wp-image-1016 size-thumbnail aligncenter\" src=\"https:\/\/www.cosmodent.hu\/wp-content\/uploads\/2023\/01\/01-150x150.png\" alt=\"\" width=\"150\" height=\"150\" title=\"\" srcset=\"https:\/\/www.cosmodent.hu\/wp-content\/uploads\/2023\/01\/01-150x150.png 150w, https:\/\/www.cosmodent.hu\/wp-content\/uploads\/2023\/01\/01-300x300.png 300w, https:\/\/www.cosmodent.hu\/wp-content\/uploads\/2023\/01\/01-1024x1024.png 1024w, https:\/\/www.cosmodent.hu\/wp-content\/uploads\/2023\/01\/01-768x768.png 768w, https:\/\/www.cosmodent.hu\/wp-content\/uploads\/2023\/01\/01-1536x1536.png 1536w, https:\/\/www.cosmodent.hu\/wp-content\/uploads\/2023\/01\/01-100x100.png 100w, https:\/\/www.cosmodent.hu\/wp-content\/uploads\/2023\/01\/01-140x140.png 140w, https:\/\/www.cosmodent.hu\/wp-content\/uploads\/2023\/01\/01-500x500.png 500w, https:\/\/www.cosmodent.hu\/wp-content\/uploads\/2023\/01\/01-350x350.png 350w, https:\/\/www.cosmodent.hu\/wp-content\/uploads\/2023\/01\/01-1000x1000.png 1000w, https:\/\/www.cosmodent.hu\/wp-content\/uploads\/2023\/01\/01-800x800.png 800w, https:\/\/www.cosmodent.hu\/wp-content\/uploads\/2023\/01\/01.png 1920w\" sizes=\"(max-width: 150px) 100vw, 150px\" \/><\/p>\n<p style=\"text-align: center;\">1. l\u00e9p\u00e9s: DIAGN\u00d3ZIS<\/p>\n<p style=\"text-align: center;\">Egy r\u00f6vid konzult\u00e1ci\u00f3t k\u00f6vet\u0151en a fogak \u00e9s \u00edny \u00e1llapotfelm\u00e9r\u00e9se t\u00f6rt\u00e9nik kezd\u00e9sk\u00e9nt.<\/p>\n<p style=\"text-align: center;\"><img decoding=\"async\" class=\"size-medium wp-image-1017 aligncenter\" src=\"https:\/\/www.cosmodent.hu\/wp-content\/uploads\/2023\/01\/Nevtelen-terv7-300x129.jpg\" alt=\"\" width=\"300\" height=\"129\" title=\"\" srcset=\"https:\/\/www.cosmodent.hu\/wp-content\/uploads\/2023\/01\/Nevtelen-terv7-300x129.jpg 300w, https:\/\/www.cosmodent.hu\/wp-content\/uploads\/2023\/01\/Nevtelen-terv7.jpg 350w\" sizes=\"(max-width: 300px) 100vw, 300px\" \/><\/p>\n<p style=\"text-align: center;\">2. \u00e9s 3. l\u00e9p\u00e9s: FELFED\u00c9S \u00e9s MOTIV\u00c1L\u00c1S<\/p>\n<p style=\"text-align: center;\">Ezut\u00e1n a dent\u00e1lhigi\u00e9nikus koll\u00e9gan\u0151ink egy lemoshat\u00f3 leped\u00e9kfest\u0151 anyag seg\u00edts\u00e9g\u00e9vel l\u00e1that\u00f3v\u00e1 teszik a leped\u00e9ket \u00e9s egy\u00e9b felrak\u00f3d\u00e1sokat, majd ezeket p\u00e1cienseink sz\u00e1m\u00e1ra megmutatj\u00e1k, illetve a helyes sz\u00e1j\u00e1pol\u00e1si technik\u00e1t is elmagyar\u00e1zz\u00e1k \u00e9s szeml\u00e9ltetik. (Ez t\u00f6rt\u00e9nhet a kezel\u00e9s v\u00e9g\u00e9n is.)<\/p>\n<p style=\"text-align: center;\"><img decoding=\"async\" class=\"aligncenter wp-image-1018 size-thumbnail\" src=\"https:\/\/www.cosmodent.hu\/wp-content\/uploads\/2023\/01\/04-150x150.png\" alt=\"\" width=\"150\" height=\"150\" title=\"\" srcset=\"https:\/\/www.cosmodent.hu\/wp-content\/uploads\/2023\/01\/04-150x150.png 150w, https:\/\/www.cosmodent.hu\/wp-content\/uploads\/2023\/01\/04-300x300.png 300w, https:\/\/www.cosmodent.hu\/wp-content\/uploads\/2023\/01\/04-1024x1024.png 1024w, https:\/\/www.cosmodent.hu\/wp-content\/uploads\/2023\/01\/04-768x768.png 768w, https:\/\/www.cosmodent.hu\/wp-content\/uploads\/2023\/01\/04-1536x1536.png 1536w, https:\/\/www.cosmodent.hu\/wp-content\/uploads\/2023\/01\/04-100x100.png 100w, https:\/\/www.cosmodent.hu\/wp-content\/uploads\/2023\/01\/04-140x140.png 140w, https:\/\/www.cosmodent.hu\/wp-content\/uploads\/2023\/01\/04-500x500.png 500w, https:\/\/www.cosmodent.hu\/wp-content\/uploads\/2023\/01\/04-350x350.png 350w, https:\/\/www.cosmodent.hu\/wp-content\/uploads\/2023\/01\/04-1000x1000.png 1000w, https:\/\/www.cosmodent.hu\/wp-content\/uploads\/2023\/01\/04-800x800.png 800w, https:\/\/www.cosmodent.hu\/wp-content\/uploads\/2023\/01\/04.png 1920w\" sizes=\"(max-width: 150px) 100vw, 150px\" \/><\/p>\n<p style=\"text-align: center;\">4. l\u00e9p\u00e9s: AIRFLOW\u00ae<\/p>\n<p style=\"text-align: center;\">Ezt k\u00f6veti az AIRFLOW\u00ae k\u00e9sz\u00fcl\u00e9k alkalmaz\u00e1sa. A g\u00e9pek nagyon apr\u00f3 szemcsem\u00e9ret\u0171 erythrol port (\u00e9des\u00edt\u0151szer) f\u00fajnak a fogakra leveg\u0151vel \u00e9s v\u00edzzel kombin\u00e1lva. Ez\u00e1ltal egy olyan konzisztenci\u00e1j\u00fa elegy j\u00f6n l\u00e9tre, amely a fogzom\u00e1ncot nem k\u00e1ros\u00edtja, viszont eredm\u00e9nyesen elt\u00e1vol\u00edtja az elsz\u00ednez\u0151d\u00e9seket \u00e9s felrak\u00f3d\u00e1sokat, illetve a kezdetlegesebb, kisebb fogk\u00f6veket.<\/p>\n<p style=\"text-align: center;\"><img decoding=\"async\" class=\"aligncenter wp-image-1019 size-thumbnail\" src=\"https:\/\/www.cosmodent.hu\/wp-content\/uploads\/2023\/01\/05-150x150.png\" alt=\"\" width=\"150\" height=\"150\" title=\"\" srcset=\"https:\/\/www.cosmodent.hu\/wp-content\/uploads\/2023\/01\/05-150x150.png 150w, https:\/\/www.cosmodent.hu\/wp-content\/uploads\/2023\/01\/05-100x100.png 100w, https:\/\/www.cosmodent.hu\/wp-content\/uploads\/2023\/01\/05-140x140.png 140w, https:\/\/www.cosmodent.hu\/wp-content\/uploads\/2023\/01\/05-500x500.png 500w, https:\/\/www.cosmodent.hu\/wp-content\/uploads\/2023\/01\/05-350x350.png 350w, https:\/\/www.cosmodent.hu\/wp-content\/uploads\/2023\/01\/05-1000x1000.png 1000w, https:\/\/www.cosmodent.hu\/wp-content\/uploads\/2023\/01\/05-800x800.png 800w\" sizes=\"(max-width: 150px) 100vw, 150px\" \/><\/p>\n<p style=\"text-align: center;\">5. l\u00e9p\u00e9s: PERIOFLOW\u00ae<\/p>\n<p style=\"text-align: center;\">Az egys\u00e9g PERIOFLOW\u00ae funkci\u00f3j\u00e1t csak fog\u00e1gybeteg p\u00e1cienseinkn\u00e9l, illetve sz\u00fcks\u00e9g eset\u00e9n implant\u00e1tumok mellett alkalmazzuk.<\/p>\n<p style=\"text-align: center;\"><img decoding=\"async\" class=\"aligncenter wp-image-1020 size-thumbnail\" src=\"https:\/\/www.cosmodent.hu\/wp-content\/uploads\/2023\/01\/06-150x150.png\" alt=\"\" width=\"150\" height=\"150\" title=\"\" srcset=\"https:\/\/www.cosmodent.hu\/wp-content\/uploads\/2023\/01\/06-150x150.png 150w, https:\/\/www.cosmodent.hu\/wp-content\/uploads\/2023\/01\/06-300x300.png 300w, https:\/\/www.cosmodent.hu\/wp-content\/uploads\/2023\/01\/06-768x768.png 768w, https:\/\/www.cosmodent.hu\/wp-content\/uploads\/2023\/01\/06-100x100.png 100w, https:\/\/www.cosmodent.hu\/wp-content\/uploads\/2023\/01\/06-140x140.png 140w, https:\/\/www.cosmodent.hu\/wp-content\/uploads\/2023\/01\/06-500x500.png 500w, https:\/\/www.cosmodent.hu\/wp-content\/uploads\/2023\/01\/06-350x350.png 350w, https:\/\/www.cosmodent.hu\/wp-content\/uploads\/2023\/01\/06-800x800.png 800w, https:\/\/www.cosmodent.hu\/wp-content\/uploads\/2023\/01\/06.png 1000w\" sizes=\"(max-width: 150px) 100vw, 150px\" \/><\/p>\n<p style=\"text-align: center;\">6. l\u00e9p\u00e9s: PIEZONE\u00aePS<\/p>\n<p style=\"text-align: center;\">Az \u00e9rettebb fogk\u00f6vek elt\u00e1vol\u00edt\u00e1sa egy ultrahangos fej seg\u00edts\u00e9g\u00e9vel t\u00f6rt\u00e9nik.<\/p>\n<p style=\"text-align: center;\"><img decoding=\"async\" class=\"size-medium wp-image-1021 aligncenter\" src=\"https:\/\/www.cosmodent.hu\/wp-content\/uploads\/2023\/01\/Nevtelen-terv8-300x129.jpg\" alt=\"\" width=\"300\" height=\"129\" title=\"\" srcset=\"https:\/\/www.cosmodent.hu\/wp-content\/uploads\/2023\/01\/Nevtelen-terv8-300x129.jpg 300w, https:\/\/www.cosmodent.hu\/wp-content\/uploads\/2023\/01\/Nevtelen-terv8.jpg 350w\" sizes=\"(max-width: 300px) 100vw, 300px\" \/><\/p>\n<p style=\"text-align: center;\">7. \u00e9s 8. l\u00e9p\u00e9s: IR\u00c1NY\u00cdT\u00c1S \u00e9s VISSZAH\u00cdV\u00c1S<\/p>\n<p style=\"text-align: center;\">Amennyiben sz\u00fcks\u00e9ges, dent\u00e1lhigi\u00e9nikus koll\u00e9gan\u0151ink fogorvosi kontrollra ir\u00e1ny\u00edtj\u00e1k p\u00e1cienseinket, \u00e9s egy\u00e9ni ig\u00e9nyek \u00e9s kond\u00edci\u00f3k szerint javaslatot tesznek a k\u00f6vetkez\u0151 professzion\u00e1lis tiszt\u00edt\u00e1s esed\u00e9kess\u00e9g\u00e9re is.<\/p>\n<p style=\"text-align: center;\">Jelentkezzen be hozz\u00e1nk ir\u00e1ny\u00edtott biofilm ter\u00e1pi\u00e1ra\u00a0 \u00e9s kevesebb, mint\u00a0 60 perccel k\u00e9s\u0151bb t\u00e1vozzon egy szebb \u00e9s eg\u00e9szs\u00e9gesebb mosollyal!<\/p>\n<p style=\"text-align: center;\">Id\u0151pontfoglal\u00e1shoz keressen minket a <span id=\"OBJ_PREFIX_DWT70_com_zimbra_phone\" class=\"Object\" role=\"link\"><a href=\"callto:+36 1 200 1378\">+36 1 200 1378<\/a><\/span>-as telefonsz\u00e1mon vagy az <span id=\"OBJ_PREFIX_DWT71_ZmEmailObjectHandler\" class=\"Object\" role=\"link\"><span id=\"OBJ_PREFIX_DWT75_ZmEmailObjectHandler\" class=\"Object\" role=\"link\">info@cosmodent.hu<\/span><\/span> e-mail c\u00edmen.<strong> Bejelentkez\u00e9skor <span id=\"OBJ_PREFIX_DWT72_com_zimbra_date\" class=\"Object\" role=\"link\"><span id=\"OBJ_PREFIX_DWT76_com_zimbra_date\" class=\"Object\" role=\"link\">k<\/span><\/span>\u00e9rj\u00fc<span id=\"OBJ_PREFIX_DWT73_com_zimbra_date\" class=\"Object\" role=\"link\"><span id=\"OBJ_PREFIX_DWT77_com_zimbra_date\" class=\"Object\" role=\"link\">k<\/span><\/span> jelezze, hogy kifejezetten az ir\u00e1ny\u00edtott biofilm ter\u00e1pi\u00e1ra szeretne id\u0151pontot foglalni!<\/strong><\/p>\n<div id=\"attachment_1007\" style=\"width: 1034px\" class=\"wp-caption aligncenter\"><img decoding=\"async\" aria-describedby=\"caption-attachment-1007\" class=\"wp-image-1007 size-large\" src=\"https:\/\/www.cosmodent.hu\/wp-content\/uploads\/2023\/01\/1-1024x577.jpg\" alt=\"\" width=\"1024\" height=\"577\" title=\"\" srcset=\"https:\/\/www.cosmodent.hu\/wp-content\/uploads\/2023\/01\/1-1024x577.jpg 1024w, https:\/\/www.cosmodent.hu\/wp-content\/uploads\/2023\/01\/1-300x169.jpg 300w, https:\/\/www.cosmodent.hu\/wp-content\/uploads\/2023\/01\/1-768x433.jpg 768w, https:\/\/www.cosmodent.hu\/wp-content\/uploads\/2023\/01\/1-1536x865.jpg 1536w, https:\/\/www.cosmodent.hu\/wp-content\/uploads\/2023\/01\/1.jpg 1640w\" sizes=\"(max-width: 1024px) 100vw, 1024px\" \/><p id=\"caption-attachment-1007\" class=\"wp-caption-text\">S\u00e1pi L\u00edvia dent\u00e1lhigi\u00e9nikus \u00e9s iTOP tr\u00e9ner munk\u00e1ja<\/p><\/div>\n","protected":false},"excerpt":{"rendered":"<p style=\"text-align: center;\">Rendel\u0151nkben a professzion\u00e1lis fogtiszt\u00edt\u00e1sokat dent\u00e1lhigi\u00e9nikus koll\u00e9gan\u0151ink a legmodernebb <strong>EMS AIRFLOW\u00ae<\/strong> k\u00e9sz\u00fcl\u00e9kek seg\u00edts\u00e9g\u00e9vel v\u00e9gzik....","protected":false},"author":6,"featured_media":1009,"comment_status":"closed","ping_status":"closed","sticky":false,"template":"","format":"standard","meta":{"inline_featured_image":false,"footnotes":""},"categories":[21],"tags":[],"class_list":{"0":"post-999","1":"post","2":"type-post","3":"status-publish","4":"format-standard","5":"has-post-thumbnail","7":"category-szajhigienia"},"_links":{"self":[{"href":"https:\/\/www.cosmodent.hu\/de\/wp-json\/wp\/v2\/posts\/999","targetHints":{"allow":["GET"]}}],"collection":[{"href":"https:\/\/www.cosmodent.hu\/de\/wp-json\/wp\/v2\/posts"}],"about":[{"href":"https:\/\/www.cosmodent.hu\/de\/wp-json\/wp\/v2\/types\/post"}],"author":[{"embeddable":true,"href":"https:\/\/www.cosmodent.hu\/de\/wp-json\/wp\/v2\/users\/6"}],"replies":[{"embeddable":true,"href":"https:\/\/www.cosmodent.hu\/de\/wp-json\/wp\/v2\/comments?post=999"}],"version-history":[{"count":10,"href":"https:\/\/www.cosmodent.hu\/de\/wp-json\/wp\/v2\/posts\/999\/revisions"}],"predecessor-version":[{"id":1880,"href":"https:\/\/www.cosmodent.hu\/de\/wp-json\/wp\/v2\/posts\/999\/revisions\/1880"}],"wp:featuredmedia":[{"embeddable":true,"href":"https:\/\/www.cosmodent.hu\/de\/wp-json\/wp\/v2\/media\/1009"}],"wp:attachment":[{"href":"https:\/\/www.cosmodent.hu\/de\/wp-json\/wp\/v2\/media?parent=999"}],"wp:term":[{"taxonomy":"category","embeddable":true,"href":"https:\/\/www.cosmodent.hu\/de\/wp-json\/wp\/v2\/categories?post=999"},{"taxonomy":"post_tag","embeddable":true,"href":"https:\/\/www.cosmodent.hu\/de\/wp-json\/wp\/v2\/tags?post=999"}],"curies":[{"name":"wp","href":"https:\/\/api.w.org\/{rel}","templated":true}]}}