{"id":782,"date":"2021-08-11T15:20:02","date_gmt":"2021-08-11T15:20:02","guid":{"rendered":"https:\/\/www.cosmodent.hu\/?p=782"},"modified":"2021-08-11T15:20:02","modified_gmt":"2021-08-11T15:20:02","slug":"professzionalis-fogtisztitas-a-cosmodentnel-ems-air-flow-master-keszulekkel","status":"publish","type":"post","link":"https:\/\/www.cosmodent.hu\/da\/professzionalis-fogtisztitas-a-cosmodentnel-ems-air-flow-master-keszulekkel\/","title":{"rendered":"Professzion\u00e1lis fogtiszt\u00edt\u00e1s a Cosmodentn\u00e9l &#8211; EMS Air-flow Master k\u00e9sz\u00fcl\u00e9kkel"},"content":{"rendered":"<p style=\"text-align: center;\">Fogaink \u00e9s \u00edny\u00fcnk tiszt\u00e1n tart\u00e1sa nem csup\u00e1n eszt\u00e9tikai szempontb\u00f3l fontos, hanem sz\u00e1mos betegs\u00e9g rizik\u00f3j\u00e1t is cs\u00f6kkenthetj\u00fck, ha megel\u0151zz\u00fck az \u00ednygyullad\u00e1st. Ilyenek p\u00e9ld\u00e1ul a csontritkul\u00e1s, a l\u00e9gz\u0151szervi megbeteged\u00e9sek, a sz\u00edv- \u00e9s \u00e9rrendszeri betegs\u00e9gek vagy a diab\u00e9tesz.<\/p>\n<p style=\"text-align: center;\"><img decoding=\"async\" class=\"alignnone size-full wp-image-784\" src=\"https:\/\/www.cosmodent.hu\/wp-content\/uploads\/2021\/08\/hofeherfogak2.jpg\" alt=\"\" width=\"610\" height=\"332\" title=\"\"><\/p>\n<p style=\"text-align: center;\"><strong>De mit\u0151l alakul ki a fog\u00ednygyullad\u00e1s, ha rendszeresen mosom a fogamat?<\/strong><\/p>\n<p style=\"text-align: center;\">Hab\u00e1r tudjuk, hogy napi k\u00e9tszeri fogmos\u00e1ssal a fogakon meg\u00fcl\u0151 leped\u00e9kkel j\u00f3l fel tudjuk venni a harcot, sajnos a nehezen el\u00e9rhet\u0151 helyeken, a kis bar\u00e1zd\u00e1kban k\u00f6nnyen felhalmoz\u00f3dhatnak a leped\u00e9kk\u00e9pz\u0151 bakt\u00e9riumok, melyek el\u0151bb- ut\u00f3bb fogk\u0151 form\u00e1j\u00e1ban rak\u00f3dnak le a fogakon. Ezt a k\u00e9regszer\u0171, kem\u00e9ny lerak\u00f3d\u00e1st pedig fogmos\u00e1ssal m\u00e1r nem lehet elt\u00e1vol\u00edtani. Ezt, \u00e9s a fogakon kialakult \u00fagynevezett biofilm r\u00e9teget (egybef\u00fcgg\u0151 bakt\u00e9riumr\u00e9teg az \u00ednyen, fogakon \u00e9s fogp\u00f3tl\u00e1sokon) javasolt professzion\u00e1lis fogtiszt\u00edt\u00e1ssal elt\u00e1vol\u00edtani.<\/p>\n<p style=\"text-align: center;\"><img decoding=\"async\" class=\"alignnone size-full wp-image-783\" src=\"https:\/\/www.cosmodent.hu\/wp-content\/uploads\/2021\/08\/fogak.jpg\" alt=\"\" width=\"888\" height=\"592\" title=\"\"><\/p>\n<p style=\"text-align: center;\"><strong>A professzion\u00e1lis fogtiszt\u00edt\u00e1s menete<\/strong><\/p>\n<p style=\"text-align: center;\">Els\u0151 l\u00e9p\u00e9sk\u00e9nt a dent\u00e1lhigi\u00e9nikus szakember <strong>\u00e1llapotfelm\u00e9r\u00e9s<\/strong>t v\u00e9gez, hogy felm\u00e9rje a fogak \u00e9s az \u00edny \u00e1llapot\u00e1t. Ezt k\u00f6vet\u0151en sz\u00fcks\u00e9g eset\u00e9n plakkfest\u00e9k seg\u00edts\u00e9g\u00e9vel <strong>felt\u00e1r\u00e1sra ker\u00fcl a biofilm r\u00e9teg<\/strong> \u2013 ez csak abban az esetben sz\u00fcks\u00e9ges, ha valamilyen okn\u00e1l fogva a lerak\u00f3d\u00e1s m\u00e9rt\u00e9ke nem egy\u00e9rtelm\u0171, vagy nehezen felismerhet\u0151.<\/p>\n<p style=\"text-align: center;\"><img decoding=\"async\" class=\"alignnone size-full wp-image-785\" src=\"https:\/\/www.cosmodent.hu\/wp-content\/uploads\/2021\/08\/EMSpiezone.jpg\" alt=\"\" width=\"206\" height=\"244\" title=\"\"><\/p>\n<p style=\"text-align: center;\">A m\u00e1sodik l\u00e9p\u00e9s az elsz\u00ednez\u0151d\u00e9sek \u00e9s a <strong>fogk\u0151 elt\u00e1vol\u00edt\u00e1sa \u00fagynevezett homokf\u00fav\u00e1ssal<\/strong>. Ez nem m\u00e1s, mint egy semleges \u00edz\u0171 prophylaxis por, melynek alkalmaz\u00e1s\u00e1val az elj\u00e1r\u00e1s k\u00edm\u00e9letesebb \u00e9s hat\u00e9konyabb is, mivel az \u00edny \u00e9s a fogzom\u00e1nc fel\u00fclet\u00e9t nem roncsolja vagy irrit\u00e1lja, ugyanakkor c\u00e9lzottan kezdi ki a fogk\u00f6vet \u00e9s t\u00e1vol\u00edtja el a biofilm r\u00e9teget.<\/p>\n<p style=\"text-align: center;\">Ezt k\u00f6vet\u0151en, a homokf\u00fav\u00e1s ut\u00e1n megmaradt, makacs fogk\u00f6vet ultrahangos technol\u00f3gia seg\u00edts\u00e9g\u00e9vel t\u00e1vol\u00edtjuk el. Ezt a <strong>Piezon technik\u00e1t <\/strong>gyakorlatilag \u00fagy kell elk\u00e9pzelni, mintha egy t\u0171t a fogakhoz \u00e9rinten\u00e9nek, de a fogk\u0151 nem \u201ekaparg\u00e1l\u00e1ssal\u201d sz\u0171nik meg, hanem az ultrahang hat\u00e1s\u00e1ra lev\u00e1lik a fogzom\u00e1ncr\u00f3l, \u00edgy biztos\u00edtva annak s\u00e9rtetlen\u00fcl marad\u00e1s\u00e1t.<\/p>\n<p style=\"text-align: center;\">Negyedik l\u00e9p\u00e9sk\u00e9nt <strong>Airflow megold\u00e1ssal \u2013 finom dent\u00e1lhigi\u00e9niai porral <\/strong>a marad\u00e9k elsz\u00ednez\u0151d\u00e9seket t\u00e1vol\u00edtjuk el. Ez a technol\u00f3gia k\u00edm\u00e9letes az \u00edny sz\u00f6vet\u00e9hez, ez\u00e1ltal p\u00e1cienseinknek sokkal kellemesebb beavatkoz\u00e1st tudunk biztos\u00edtani.<\/p>\n<p style=\"text-align: center;\"><img decoding=\"async\" class=\"alignnone size-full wp-image-786\" src=\"https:\/\/www.cosmodent.hu\/wp-content\/uploads\/2021\/08\/1065389.jpg\" alt=\"\" width=\"275\" height=\"180\" title=\"\"><\/p>\n<p style=\"text-align: center;\">A kezel\u00e9s befejez\u00e9sek\u00e9nt dent\u00e1lhigi\u00e9nikus szakember\u00fcnk megmutatja a helyes fog\u00e1pol\u00e1s technik\u00e1j\u00e1t, valamint <strong>egy\u00e9nre szabott tan\u00e1csokkal<\/strong> l\u00e1tja el p\u00e1ciens\u00e9t, felh\u00edvja figyelm\u00e9t a kritikus ter\u00fcletek tiszt\u00edt\u00e1s\u00e1ra, \u00e9s bemutatja, elmagyar\u00e1zza a professzion\u00e1lis sz\u00e1jhigi\u00e9nia m\u00f3dszereit, eszk\u00f6zeit (pl. fogselyem, fogk\u00f6z-tiszt\u00edt\u00f3 kefe, elektromos fogkefe, sz\u00e1jzuhany, plakkfest\u0151 tabletta)<\/p>\n<p style=\"text-align: center;\">A fent ismertetett kezel\u00e9s a ma alkalmazhat\u00f3 <strong>legmodernebb<\/strong> fogk\u0151elt\u00e1vol\u00edt\u00e1si \u00e9s fogtiszt\u00edt\u00e1si elj\u00e1r\u00e1s. Az <strong>EMS Air-flow Master <\/strong>k\u00e9sz\u00fcl\u00e9k k\u00edm\u00e9letesen \u00e9s biztons\u00e1gosan t\u00e1vol\u00edtja el az elsz\u00ednez\u0151d\u00e9st \u00e9s a fogk\u00f6vet, ezzel <strong>kiv\u00e1l\u00f3 alapot biztos\u00edt a tov\u00e1bbi kezel\u00e9sekhez, \u00e9s a rendel\u0151i fogfeh\u00e9r\u00edt\u00e9shez. <\/strong><\/p>\n<p style=\"text-align: center;\"><strong>Jelentkezzen be professzion\u00e1lis fogtiszt\u00edt\u00e1sunkra a +36 1 200 1378-as telefonsz\u00e1mon vagy az info@cosmodent.hu e-mail c\u00edmen!<\/strong><\/p>\n","protected":false},"excerpt":{"rendered":"<p style=\"text-align: center;\">Fogaink \u00e9s \u00edny\u00fcnk tiszt\u00e1n tart\u00e1sa nem csup\u00e1n eszt\u00e9tikai szempontb\u00f3l fontos, hanem sz\u00e1mos betegs\u00e9g rizik\u00f3j\u00e1t is cs\u00f6kkenthetj\u00fck, ha megel\u0151zz\u00fck az \u00ednygyullad\u00e1st....","protected":false},"author":6,"featured_media":783,"comment_status":"closed","ping_status":"closed","sticky":false,"template":"","format":"standard","meta":{"inline_featured_image":false,"footnotes":""},"categories":[21],"tags":[],"class_list":{"0":"post-782","1":"post","2":"type-post","3":"status-publish","4":"format-standard","5":"has-post-thumbnail","7":"category-szajhigienia"},"_links":{"self":[{"href":"https:\/\/www.cosmodent.hu\/da\/wp-json\/wp\/v2\/posts\/782","targetHints":{"allow":["GET"]}}],"collection":[{"href":"https:\/\/www.cosmodent.hu\/da\/wp-json\/wp\/v2\/posts"}],"about":[{"href":"https:\/\/www.cosmodent.hu\/da\/wp-json\/wp\/v2\/types\/post"}],"author":[{"embeddable":true,"href":"https:\/\/www.cosmodent.hu\/da\/wp-json\/wp\/v2\/users\/6"}],"replies":[{"embeddable":true,"href":"https:\/\/www.cosmodent.hu\/da\/wp-json\/wp\/v2\/comments?post=782"}],"version-history":[{"count":2,"href":"https:\/\/www.cosmodent.hu\/da\/wp-json\/wp\/v2\/posts\/782\/revisions"}],"predecessor-version":[{"id":788,"href":"https:\/\/www.cosmodent.hu\/da\/wp-json\/wp\/v2\/posts\/782\/revisions\/788"}],"wp:featuredmedia":[{"embeddable":true,"href":"https:\/\/www.cosmodent.hu\/da\/wp-json\/wp\/v2\/media\/783"}],"wp:attachment":[{"href":"https:\/\/www.cosmodent.hu\/da\/wp-json\/wp\/v2\/media?parent=782"}],"wp:term":[{"taxonomy":"category","embeddable":true,"href":"https:\/\/www.cosmodent.hu\/da\/wp-json\/wp\/v2\/categories?post=782"},{"taxonomy":"post_tag","embeddable":true,"href":"https:\/\/www.cosmodent.hu\/da\/wp-json\/wp\/v2\/tags?post=782"}],"curies":[{"name":"wp","href":"https:\/\/api.w.org\/{rel}","templated":true}]}}